{"id":390,"date":"2023-08-24T17:05:12","date_gmt":"2023-08-24T15:05:12","guid":{"rendered":"https:\/\/www.moore.swiss\/?p=390"},"modified":"2024-10-17T15:32:10","modified_gmt":"2024-10-17T13:32:10","slug":"__trashed","status":"publish","type":"post","link":"https:\/\/moore.swiss\/en\/__trashed\/","title":{"rendered":"Entr\u00e9e en vigueur des nouvelles dispositions du droit des soci\u00e9t\u00e9s &#8211; Nouveau droit de la SA \u2013 NAS-CH 290 &#8211; Surendettement et perte en capital au 1er janvier 2023 sur les comptes annuels au 31.12.2022"},"content":{"rendered":"\n<p><\/p>\n\n\n\n<p><\/p>\n\n\n\n<p>Avec l\u2019entr\u00e9e en vigueur au 1<sup>er<\/sup>&nbsp;janvier&nbsp;2023 de ces nouvelles dispositions, <strong>Moore Stephens Refidar SA<\/strong> souhaite porter une attention particuli\u00e8re \u00e0 vos besoins, que ce soit pour les soci\u00e9t\u00e9s anonymes (SA), les soci\u00e9t\u00e9s \u00e0 responsabilit\u00e9 limit\u00e9e (S\u00e0rl), les associations inscrites au registre du commerce, les fondations, les soci\u00e9t\u00e9s en commandite par actions et les soci\u00e9t\u00e9s coop\u00e9ratives&nbsp;:<\/p>\n\n\n\n<p><strong>Vous \u00eates en perte en capital sans r\u00e9viseur statutaire inscrit au registre du commerce (RC)&nbsp;?<\/strong><\/p>\n\n\n\n<p>Lorsqu\u2019il ressort des derniers comptes annuels que les actifs, apr\u00e8s d\u00e9duction des dettes, ne couvrent plus la moiti\u00e9 de la somme du capital-actions, de la r\u00e9serve l\u00e9gale issue du capital et de la r\u00e9serve l\u00e9gale issue du b\u00e9n\u00e9fice qui ne sont pas remboursables aux actionnaires, le conseil d\u2019administration prend des mesures propres \u00e0 mettre un terme \u00e0 la perte de capital, selon l\u2019art. 725a, al. 1, CO.<\/p>\n\n\n\n<p>L\u2019art. 725a, al. 2, CO pr\u00e9voit en outre qu\u2019en cas de perte de capital, les soci\u00e9t\u00e9s qui n\u2019ont pas d\u2019organe de r\u00e9vision (opting-out au registre du commerce) doivent soumettre leurs derniers comptes annuels \u00e0 un contr\u00f4le restreint avant leur approbation par l\u2019assembl\u00e9e g\u00e9n\u00e9rale. Le conseil d\u2019administration (CA) nomme le r\u00e9viseur agr\u00e9\u00e9. Le contr\u00f4le restreint est dans ce cas effectu\u00e9 sur mandat. Il peut \u00eatre renonc\u00e9 \u00e0 un contr\u00f4le si le CA d\u00e9pose une demande de sursis concordataire.<\/p>\n\n\n\n<p><strong>Vous \u00eates en surendettement avec ou sans une cr\u00e9ance postposable (convention de postposition)<\/strong><\/p>\n\n\n\n<p>&nbsp;S\u2019il existe des raisons s\u00e9rieuses d\u2019admettre que les dettes de la soci\u00e9t\u00e9 ne sont plus couvertes par les actifs, le conseil d\u2019administration \u00e9tablit imm\u00e9diatement des comptes interm\u00e9diaires \u00e0 la valeur d\u2019exploitation et \u00e0 la valeur de liquidation. Il peut \u00eatre renonc\u00e9 \u00e0 l\u2019\u00e9tablissement de comptes interm\u00e9diaires \u00e0 la valeur de liquidation lorsque la poursuite de l\u2019exploitation est envisag\u00e9e et que les comptes interm\u00e9diaires \u00e0 la valeur d\u2019exploitation ne pr\u00e9sentent pas de surendettement. L\u2019\u00e9tablissement de comptes interm\u00e9diaires \u00e0 la valeur de liquidation est suffisant lorsque la poursuite de l\u2019exploitation n\u2019est plus envisag\u00e9e (art. 725b, al. 1, CO).<\/p>\n\n\n\n<p>Le conseil d\u2019administration fait v\u00e9rifier les comptes interm\u00e9diaires par l\u2019organe de r\u00e9vision ou, s\u2019il n\u2019y en a pas (opting out), par un r\u00e9viseur agr\u00e9\u00e9; il nomme le r\u00e9viseur agr\u00e9\u00e9 (art. 725b, al. 2, CO).<\/p>\n\n\n\n<p>S\u2019il y a surendettement au sens de l\u2019art. 725b CO, les conditions d\u2019une perte de capital selon l\u2019art. 725a, al. 1, CO restent remplies, c\u2019est-\u00e0-dire que les comptes annuels doivent \u00eatre v\u00e9rifi\u00e9s par un r\u00e9viseur agr\u00e9\u00e9. Cela vaut jusqu\u2019\u00e0 ce qu\u2019il n\u2019y ait plus de perte de capital. &nbsp;C\u2019est \u00e9galement le cas lorsque le surendettement est couvert par des postpositions. L\u2019effet de la postposition se traduit uniquement par le fait que l\u2019avis au tribunal peut \u00eatre omis, dans la mesure o\u00f9 les exigences mentionn\u00e9es \u00e0 l\u2019art. 725b, al. 4, chiffre 1, CO sont remplies.<\/p>\n\n\n\n<p>Si un surendettement ressort des deux comptes interm\u00e9diaires audit\u00e9s, le conseil d\u2019administration&nbsp;est tenu d\u2019aviser le juge sauf si&nbsp;:<\/p>\n\n\n\n<ul class=\"wp-block-list\"><li>des cr\u00e9anciers postposent leur cr\u00e9ance ou,<\/li><li>il est possible de supprimer le surendettement dans les 90 jours suivant l\u2019\u00e9tablissement des comptes interm\u00e9diaires et que l\u2019ex\u00e9cution des cr\u00e9ances n\u2019est pas compromise.<\/li><\/ul>\n\n\n\n<p><strong>Conclusion<\/strong><\/p>\n\n\n\n<p>Les nouvelles dispositions du droit des soci\u00e9t\u00e9s augmentent la responsabilit\u00e9 des administrateurs, notamment lorsqu\u2019aucun r\u00e9viseur n\u2019est inscrit au RC&nbsp;(opting out). Si le conseil d\u2019administration ne respecte pas ces obligations, il peut y avoir violation du devoir de diligence de sa part (art. 717, al. 1, en relation avec les art. 725a et 725b CO).<\/p>\n\n\n\n<p>Au vu de la complexit\u00e9 des probl\u00e9matiques expos\u00e9es ci-dessus, <strong>Moore Stephens Refidar SA<\/strong> est \u00e0 votre disposition pour une discussion concernant l\u2019obligation de contr\u00f4le et l\u2019organisation de l\u2019audit obligatoire, afin de vous accompagner et de vous conseiller.<\/p>\n\n\n\n<p>Consulter l\u2019ensemble du Code des obligations ici&nbsp;:&nbsp;<\/p>\n\n\n\n<p><a href=\"https:\/\/www.fedlex.admin.ch\/eli\/cc\/27\/317_321_377\/fr\" rel=\"noopener\">https:\/\/www.fedlex.admin.ch\/eli\/cc\/27\/317_321_377\/fr<\/a><\/p>\n\n\n\n<p><em>Sources&nbsp;: Code des obligations Suisse (CO), NA-CH 290, Manuel Suisse d\u2019audit, Q&amp;A EXPERTsuisse sur le 725 CO du 6 juin 2023.<\/em><\/p>\n\n\n\n<p><\/p>\n\n\n\n<blockquote class=\"wp-block-quote is-layout-flow wp-block-quote-is-layout-flow\"><p><\/p><\/blockquote>\n","protected":false},"excerpt":{"rendered":"Avec l\u2019entr\u00e9e en vigueur au 1er&nbsp;janvier&nbsp;2023 de ces nouvelles dispositions, Moore Stephens Refidar SA souhaite porter une attention particuli\u00e8re \u00e0 vos besoins, que ce soit pour les soci\u00e9t\u00e9s anonymes (SA), les soci\u00e9t\u00e9s \u00e0 responsabilit\u00e9 limit\u00e9e (S\u00e0rl), les associations inscrites au registre du commerce, les fondations, les soci\u00e9t\u00e9s en commandite par actions et les soci\u00e9t\u00e9s coop\u00e9ratives&nbsp;:&#8230; <a class=\"view-article\" href=\"https:\/\/moore.swiss\/en\/__trashed\/\">View Article<\/a>","protected":false},"author":2,"featured_media":0,"comment_status":"closed","ping_status":"closed","sticky":false,"template":"","format":"standard","meta":{"_acf_changed":false,"footnotes":""},"categories":[5],"tags":[],"class_list":["post-390","post","type-post","status-publish","format-standard","hentry","category-uncategorized"],"acf":[],"_links":{"self":[{"href":"https:\/\/moore.swiss\/en\/wp-json\/wp\/v2\/posts\/390\/"}],"collection":[{"href":"https:\/\/moore.swiss\/en\/wp-json\/wp\/v2\/posts\/"}],"about":[{"href":"https:\/\/moore.swiss\/en\/wp-json\/wp\/v2\/types\/post\/"}],"author":[{"embeddable":true,"href":"https:\/\/moore.swiss\/en\/wp-json\/wp\/v2\/users\/2\/"}],"replies":[{"embeddable":true,"href":"https:\/\/moore.swiss\/en\/wp-json\/wp\/v2\/comments\/?post=390"}],"version-history":[{"count":3,"href":"https:\/\/moore.swiss\/en\/wp-json\/wp\/v2\/posts\/390\/revisions\/"}],"predecessor-version":[{"id":432,"href":"https:\/\/moore.swiss\/en\/wp-json\/wp\/v2\/posts\/390\/revisions\/432\/"}],"wp:attachment":[{"href":"https:\/\/moore.swiss\/en\/wp-json\/wp\/v2\/media\/?parent=390"}],"wp:term":[{"taxonomy":"category","embeddable":true,"href":"https:\/\/moore.swiss\/en\/wp-json\/wp\/v2\/categories\/?post=390"},{"taxonomy":"post_tag","embeddable":true,"href":"https:\/\/moore.swiss\/en\/wp-json\/wp\/v2\/tags\/?post=390"}],"curies":[{"name":"wp","href":"https:\/\/api.w.org\/{rel}","templated":true}]}}